{"id":757,"date":"2023-08-21T04:54:14","date_gmt":"2023-08-21T04:54:14","guid":{"rendered":"http:\/\/viajaconbelkys.herradoramedia.com\/?p=757"},"modified":"2023-08-26T16:15:47","modified_gmt":"2023-08-26T16:15:47","slug":"cuna-del-poeta","status":"publish","type":"post","link":"https:\/\/viajaconbelkys.herradoramedia.com\/?p=757","title":{"rendered":"Cuna del poeta ni\u00f1o"},"content":{"rendered":"\t\t<div data-elementor-type=\"wp-post\" data-elementor-id=\"757\" class=\"elementor elementor-757\" data-elementor-post-type=\"post\">\n\t\t\t\t\t\t<section class=\"elementor-section elementor-top-section elementor-element elementor-element-76b4bf88 elementor-section-boxed elementor-section-height-default elementor-section-height-default\" data-id=\"76b4bf88\" data-element_type=\"section\" data-e-type=\"section\">\n\t\t\t\t\t\t<div class=\"elementor-container elementor-column-gap-default\">\n\t\t\t\t\t<div class=\"elementor-column elementor-col-100 elementor-top-column elementor-element elementor-element-230b8b15\" data-id=\"230b8b15\" data-element_type=\"column\" data-e-type=\"column\">\n\t\t\t<div class=\"elementor-widget-wrap elementor-element-populated\">\n\t\t\t\t\t\t<div class=\"elementor-element elementor-element-574794fe elementor-widget elementor-widget-text-editor\" data-id=\"574794fe\" data-element_type=\"widget\" data-e-type=\"widget\" data-widget_type=\"text-editor.default\">\n\t\t\t\t<div class=\"elementor-widget-container\">\n\t\t\t\t\t\t\t\t\t\n<p>21 de Agosto 2023 | Belkys Urrutia <\/p>\n\t\t\t\t\t\t\t\t<\/div>\n\t\t\t\t<\/div>\n\t\t\t\t\t<\/div>\n\t\t<\/div>\n\t\t\t\t\t<\/div>\n\t\t<\/section>\n\t\t\t\t<section class=\"elementor-section elementor-top-section elementor-element elementor-element-4b30492 elementor-section-boxed elementor-section-height-default elementor-section-height-default\" data-id=\"4b30492\" data-element_type=\"section\" data-e-type=\"section\">\n\t\t\t\t\t\t<div class=\"elementor-container elementor-column-gap-default\">\n\t\t\t\t\t<div class=\"elementor-column elementor-col-100 elementor-top-column elementor-element elementor-element-9961693\" data-id=\"9961693\" data-element_type=\"column\" data-e-type=\"column\">\n\t\t\t<div class=\"elementor-widget-wrap\">\n\t\t\t\t\t\t\t<\/div>\n\t\t<\/div>\n\t\t\t\t\t<\/div>\n\t\t<\/section>\n\t\t\t\t<section class=\"elementor-section elementor-top-section elementor-element elementor-element-c11f202 elementor-section-boxed elementor-section-height-default elementor-section-height-default\" data-id=\"c11f202\" data-element_type=\"section\" data-e-type=\"section\">\n\t\t\t\t\t\t<div class=\"elementor-container elementor-column-gap-default\">\n\t\t\t\t\t<div class=\"elementor-column elementor-col-100 elementor-top-column elementor-element elementor-element-454812e\" data-id=\"454812e\" data-element_type=\"column\" data-e-type=\"column\">\n\t\t\t<div class=\"elementor-widget-wrap elementor-element-populated\">\n\t\t\t\t\t\t<div class=\"elementor-element elementor-element-c0062fd elementor-position-top elementor-widget elementor-widget-image-box\" data-id=\"c0062fd\" data-element_type=\"widget\" data-e-type=\"widget\" data-widget_type=\"image-box.default\">\n\t\t\t\t<div class=\"elementor-widget-container\">\n\t\t\t\t\t<div class=\"elementor-image-box-wrapper\"><figure class=\"elementor-image-box-img\"><img fetchpriority=\"high\" decoding=\"async\" width=\"1088\" height=\"1402\" src=\"https:\/\/viajaconbelkys.herradoramedia.com\/wp-content\/uploads\/2023\/08\/1000124802.jpg\" class=\"attachment-full size-full wp-image-758\" alt=\"\" srcset=\"https:\/\/viajaconbelkys.herradoramedia.com\/wp-content\/uploads\/2023\/08\/1000124802.jpg 1088w, https:\/\/viajaconbelkys.herradoramedia.com\/wp-content\/uploads\/2023\/08\/1000124802-233x300.jpg 233w, https:\/\/viajaconbelkys.herradoramedia.com\/wp-content\/uploads\/2023\/08\/1000124802-795x1024.jpg 795w, https:\/\/viajaconbelkys.herradoramedia.com\/wp-content\/uploads\/2023\/08\/1000124802-768x990.jpg 768w\" sizes=\"(max-width: 1088px) 100vw, 1088px\" \/><\/figure><div class=\"elementor-image-box-content\"><h3 class=\"elementor-image-box-title\">Metapa, cuna del poeta ni\u00f1o<\/h3><p class=\"elementor-image-box-description\">Hombre de varias patrias fue <b>Rub\u00e9n<\/b> pero una su cuna, sencilla, humilde; en <b>Metapa<\/b> hoy <b>Ciudad Dar\u00edo<\/b> naci\u00f3 el genio. Atento a cada l\u00ednea, deja volar tu imaginaci\u00f3n porque vamos a escudri\u00f1ar el origen del hombre cosmopolita y <b>pr\u00edncipe de las letras castellanas<\/b>, disfrutaremos de la cautivadora belleza natural de su tierra natal y destinos poco explorados.<\/p><\/div><\/div>\t\t\t\t<\/div>\n\t\t\t\t<\/div>\n\t\t\t\t<div class=\"elementor-element elementor-element-7c2961b elementor-widget elementor-widget-text-editor\" data-id=\"7c2961b\" data-element_type=\"widget\" data-e-type=\"widget\" data-widget_type=\"text-editor.default\">\n\t\t\t\t<div class=\"elementor-widget-container\">\n\t\t\t\t\t\t\t\t\t<p><span style=\"vertical-align: inherit;\"><span style=\"vertical-align: inherit;\">Los nicarag\u00fcenses estamos orgullosos de nuestro insigne poeta, iniciador y el m\u00e1ximo representante del modernismo, un movimiento literario hispanoamericano que sent\u00f3 un precedente en la historia de la lengua espa\u00f1ola. <\/span><span style=\"vertical-align: inherit;\">Hoy les contar\u00e9 c\u00f3mo es la cuna del bardo universal.<\/span><\/span><\/p>\n<p>Este municipio de <b>Nicaragua<\/b> fue elevado a ciudad el 14 de noviembre del a\u00f1o 1891, pertenece al departamento de <b>Matagalpa<\/b> y se localiza a 90 kil\u00f3metros de la capital <b>Managua<\/b>.\u00a0<\/p>\n<p><span style=\"font-style: inherit; font-weight: inherit; background-color: var(--ast-global-color-5); color: var(--ast-global-color-3);\">Me encanta descubrir nuevas aventuras, los lugare\u00f1os me recomendaron visitar el <\/span><span style=\"font-style: inherit; background-color: var(--ast-global-color-5); color: var(--ast-global-color-3);\"><b>Cerro La Cruz<\/b><\/span><span style=\"font-style: inherit; font-weight: inherit; background-color: var(--ast-global-color-5); color: var(--ast-global-color-3);\">, no se encuentra en el mapa, pero existe y est\u00e1 precioso, se localiza a 2 kil\u00f3metros del casco urbano, es una zona privada con vistas preciosas, se los recomiendo, apenas son 10 minutos de caminata y la historia est\u00e1 genial. En el v\u00eddeo ahondo mas sobre sus creencias.<\/span><\/p>\n<p>El destino mas importante es la <b>Casa de Rub\u00e9n Dar\u00edo<\/b>, donde naci\u00f3 el poeta, actualmente es un <b>museo<\/b> y exhibe objetos, pertenencias e informaci\u00f3n sobre la vida y obra del ilustre bardo.<\/p>\n<p>Fui cautivada por su oficio ancestral, la elaboraci\u00f3n de <b>ladrillos de barro<\/b> para construcci\u00f3n de casa, sus <b>rosquillas diriale\u00f1as<\/b> son una delicia y los emprendimientos gastron\u00f3micos sobre la carretera panamericana norte son sensacionales.<\/p>\t\t\t\t\t\t\t\t<\/div>\n\t\t\t\t<\/div>\n\t\t\t\t\t<\/div>\n\t\t<\/div>\n\t\t\t\t\t<\/div>\n\t\t<\/section>\n\t\t\t\t<section class=\"elementor-section elementor-top-section elementor-element elementor-element-5905a61 elementor-section-boxed elementor-section-height-default elementor-section-height-default\" data-id=\"5905a61\" data-element_type=\"section\" data-e-type=\"section\">\n\t\t\t\t\t\t<div class=\"elementor-container elementor-column-gap-default\">\n\t\t\t\t\t<div class=\"elementor-column elementor-col-100 elementor-top-column elementor-element elementor-element-5bf1a21\" data-id=\"5bf1a21\" data-element_type=\"column\" data-e-type=\"column\">\n\t\t\t<div class=\"elementor-widget-wrap elementor-element-populated\">\n\t\t\t\t\t\t<div class=\"elementor-element elementor-element-7021e7a elementor-widget elementor-widget-testimonial\" data-id=\"7021e7a\" data-element_type=\"widget\" data-e-type=\"widget\" data-widget_type=\"testimonial.default\">\n\t\t\t\t<div class=\"elementor-widget-container\">\n\t\t\t\t\t\t\t<div class=\"elementor-testimonial-wrapper\">\n\t\t\t\t\t\t\t<div class=\"elementor-testimonial-content\"><i>\u201cUn mes despu\u00e9s nac\u00eda yo en un pueblecito, o m\u00e1s bien una aldea de la Nueva Segovia, llamado anta\u00f1o Chocoyos, y hoy Metapa\u201d <\/i><\/div>\n\t\t\t\n\t\t\t\t\t\t<div class=\"elementor-testimonial-meta elementor-has-image elementor-testimonial-image-position-aside\">\n\t\t\t\t<div class=\"elementor-testimonial-meta-inner\">\n\t\t\t\t\t\t\t\t\t\t\t<div class=\"elementor-testimonial-image\">\n\t\t\t\t\t\t\t<img decoding=\"async\" width=\"340\" height=\"324\" src=\"https:\/\/viajaconbelkys.herradoramedia.com\/wp-content\/uploads\/2023\/08\/Dario1.jpeg\" class=\"attachment-full size-full wp-image-802\" alt=\"\" srcset=\"https:\/\/viajaconbelkys.herradoramedia.com\/wp-content\/uploads\/2023\/08\/Dario1.jpeg 340w, https:\/\/viajaconbelkys.herradoramedia.com\/wp-content\/uploads\/2023\/08\/Dario1-300x286.jpeg 300w\" sizes=\"(max-width: 340px) 100vw, 340px\" \/>\t\t\t\t\t\t<\/div>\n\t\t\t\t\t\n\t\t\t\t\t\t\t\t\t\t<div class=\"elementor-testimonial-details\">\n\t\t\t\t\t\t\t\t\t\t\t\t\t\t<div class=\"elementor-testimonial-name\">Rub\u00e9n Dar\u00edo<\/div>\n\t\t\t\t\t\t\t\t\t\t\t\t\t\t\t\t\t\t\t\t\t\t<div class=\"elementor-testimonial-job\">Autobiograf\u00eda<\/div>\n\t\t\t\t\t\t\t\t\t\t\t\t\t<\/div>\n\t\t\t\t\t\t\t\t\t<\/div>\n\t\t\t<\/div>\n\t\t\t\t\t<\/div>\n\t\t\t\t\t\t<\/div>\n\t\t\t\t<\/div>\n\t\t\t\t\t<\/div>\n\t\t<\/div>\n\t\t\t\t\t<\/div>\n\t\t<\/section>\n\t\t\t\t<section class=\"elementor-section elementor-top-section elementor-element elementor-element-96d065f elementor-section-boxed elementor-section-height-default elementor-section-height-default\" data-id=\"96d065f\" data-element_type=\"section\" data-e-type=\"section\">\n\t\t\t\t\t\t<div class=\"elementor-container elementor-column-gap-default\">\n\t\t\t\t\t<div class=\"elementor-column elementor-col-100 elementor-top-column elementor-element elementor-element-76d7f91\" data-id=\"76d7f91\" data-element_type=\"column\" data-e-type=\"column\">\n\t\t\t<div class=\"elementor-widget-wrap elementor-element-populated\">\n\t\t\t\t\t\t<div class=\"elementor-element elementor-element-0f863af elementor-arrows-position-inside elementor-pagination-position-outside elementor-widget elementor-widget-image-carousel\" data-id=\"0f863af\" data-element_type=\"widget\" data-e-type=\"widget\" data-settings=\"{&quot;slides_to_show&quot;:&quot;3&quot;,&quot;navigation&quot;:&quot;both&quot;,&quot;autoplay&quot;:&quot;yes&quot;,&quot;pause_on_hover&quot;:&quot;yes&quot;,&quot;pause_on_interaction&quot;:&quot;yes&quot;,&quot;autoplay_speed&quot;:5000,&quot;infinite&quot;:&quot;yes&quot;,&quot;speed&quot;:500}\" data-widget_type=\"image-carousel.default\">\n\t\t\t\t<div class=\"elementor-widget-container\">\n\t\t\t\t\t\t\t<div class=\"elementor-image-carousel-wrapper swiper\" role=\"region\" aria-roledescription=\"carousel\" aria-label=\"Image Carousel\" dir=\"ltr\">\n\t\t\t<div class=\"elementor-image-carousel swiper-wrapper\" aria-live=\"off\">\n\t\t\t\t\t\t\t\t<div class=\"swiper-slide\" role=\"group\" aria-roledescription=\"slide\" aria-label=\"1 of 6\"><figure class=\"swiper-slide-inner\"><img decoding=\"async\" class=\"swiper-slide-image\" src=\"https:\/\/viajaconbelkys.herradoramedia.com\/wp-content\/uploads\/2023\/08\/IMG_20230821_085857-1024x768.jpg\" alt=\"IMG_20230821_085857\" \/><\/figure><\/div><div class=\"swiper-slide\" role=\"group\" aria-roledescription=\"slide\" aria-label=\"2 of 6\"><figure class=\"swiper-slide-inner\"><img decoding=\"async\" class=\"swiper-slide-image\" src=\"https:\/\/viajaconbelkys.herradoramedia.com\/wp-content\/uploads\/2023\/08\/IMG_20230821_110603-1024x768.jpg\" alt=\"IMG_20230821_110603\" \/><\/figure><\/div><div class=\"swiper-slide\" role=\"group\" aria-roledescription=\"slide\" aria-label=\"3 of 6\"><figure class=\"swiper-slide-inner\"><img decoding=\"async\" class=\"swiper-slide-image\" src=\"https:\/\/viajaconbelkys.herradoramedia.com\/wp-content\/uploads\/2023\/08\/IMG-20230823-WA0008-1024x768.jpg\" alt=\"IMG-20230823-WA0008\" \/><\/figure><\/div><div class=\"swiper-slide\" role=\"group\" aria-roledescription=\"slide\" aria-label=\"4 of 6\"><figure class=\"swiper-slide-inner\"><img decoding=\"async\" class=\"swiper-slide-image\" src=\"https:\/\/viajaconbelkys.herradoramedia.com\/wp-content\/uploads\/2023\/08\/IMG-20230823-WA0007-1024x768.jpg\" alt=\"IMG-20230823-WA0007\" \/><\/figure><\/div><div class=\"swiper-slide\" role=\"group\" aria-roledescription=\"slide\" aria-label=\"5 of 6\"><figure class=\"swiper-slide-inner\"><img decoding=\"async\" class=\"swiper-slide-image\" src=\"https:\/\/viajaconbelkys.herradoramedia.com\/wp-content\/uploads\/2023\/08\/IMG_20230821_171958-1024x768.jpg\" alt=\"IMG_20230821_171958\" \/><\/figure><\/div><div class=\"swiper-slide\" role=\"group\" aria-roledescription=\"slide\" aria-label=\"6 of 6\"><figure class=\"swiper-slide-inner\"><img decoding=\"async\" class=\"swiper-slide-image\" src=\"https:\/\/viajaconbelkys.herradoramedia.com\/wp-content\/uploads\/2023\/08\/IMG_20230821_102737-1024x768.jpg\" alt=\"IMG_20230821_102737\" \/><\/figure><\/div>\t\t\t<\/div>\n\t\t\t\t\t\t\t\t\t\t\t\t<div class=\"elementor-swiper-button elementor-swiper-button-prev\" role=\"button\" tabindex=\"0\">\n\t\t\t\t\t\t<i aria-hidden=\"true\" class=\"eicon-chevron-left\"><\/i>\t\t\t\t\t<\/div>\n\t\t\t\t\t<div class=\"elementor-swiper-button elementor-swiper-button-next\" role=\"button\" tabindex=\"0\">\n\t\t\t\t\t\t<i aria-hidden=\"true\" class=\"eicon-chevron-right\"><\/i>\t\t\t\t\t<\/div>\n\t\t\t\t\n\t\t\t\t\t\t\t\t\t<div class=\"swiper-pagination\"><\/div>\n\t\t\t\t\t\t\t\t\t<\/div>\n\t\t\t\t\t\t<\/div>\n\t\t\t\t<\/div>\n\t\t\t\t<div class=\"elementor-element elementor-element-23f9e69 elementor-widget elementor-widget-text-editor\" data-id=\"23f9e69\" data-element_type=\"widget\" data-e-type=\"widget\" data-widget_type=\"text-editor.default\">\n\t\t\t\t<div class=\"elementor-widget-container\">\n\t\t\t\t\t\t\t\t\t<p>Apenas viaj\u00e9 por un d\u00eda, desde las 6:00AM hasta las 6:00PM, 12 horas no fueron suficientes para recorrer este destino, nos faltaron muchos lugares. Conclu\u00ed mi traves\u00eda por Ciudad Dar\u00edo.<\/p>\n<p>As\u00ed como el poeta abraz\u00f3 la pluma, el alma y el horizonte, te invito, lector amante de las letras, a sumergirte en las im\u00e1genes y relatos que pintaron esta odisea. Que tus pasos digitales, al igual que las huellas de Dar\u00edo en su tierra natal, te gu\u00eden a explorar m\u00e1s de este universo en nuestro canal de YouTube <b>&#8220;Viaja con Belkys&#8221;<\/b> abajo de este escrito te dejo el enlace del v\u00eddeo.<\/p>\n<p>Y si buscas nuevos horizontes en cada p\u00e1gina,&nbsp; \u00fanete a nuestro viaje a trav\u00e9s de nuestro sitio web <b>viajaconbelkys.com<\/b> donde el encanto de los recorridos se entrelaza con las letras, creando as\u00ed un rinc\u00f3n de emociones y conocimiento.<\/p>\n<p>En la esencia de cada aventura, en la <i>brisa de cada verso<\/i>, te esperamos para viajar juntos y hallar el encanto que yace en cada rinc\u00f3n, en cada palabra, en <i>cada latido de este vasto mundo que anhela ser explorado.<\/i><\/p>\t\t\t\t\t\t\t\t<\/div>\n\t\t\t\t<\/div>\n\t\t\t\t\t<\/div>\n\t\t<\/div>\n\t\t\t\t\t<\/div>\n\t\t<\/section>\n\t\t\t\t<section class=\"elementor-section elementor-top-section elementor-element elementor-element-ab5c9bd elementor-section-boxed elementor-section-height-default elementor-section-height-default\" data-id=\"ab5c9bd\" data-element_type=\"section\" data-e-type=\"section\">\n\t\t\t\t\t\t<div class=\"elementor-container elementor-column-gap-default\">\n\t\t\t\t\t<div class=\"elementor-column elementor-col-100 elementor-top-column elementor-element elementor-element-5b19150\" data-id=\"5b19150\" data-element_type=\"column\" data-e-type=\"column\">\n\t\t\t<div class=\"elementor-widget-wrap elementor-element-populated\">\n\t\t\t\t\t\t<div class=\"elementor-element elementor-element-57af02f elementor-widget elementor-widget-google_maps\" data-id=\"57af02f\" data-element_type=\"widget\" data-e-type=\"widget\" data-widget_type=\"google_maps.default\">\n\t\t\t\t<div class=\"elementor-widget-container\">\n\t\t\t\t\t\t\t<div class=\"elementor-custom-embed\">\n\t\t\t<iframe loading=\"lazy\"\n\t\t\t\t\tsrc=\"https:\/\/maps.google.com\/maps?q=Ciudad%20Dar%C3%ADo%2C%20Matagalpa%2C%20Nicaragua&#038;t=m&#038;z=10&#038;output=embed&#038;iwloc=near\"\n\t\t\t\t\ttitle=\"Ciudad Dar\u00edo, Matagalpa, Nicaragua\"\n\t\t\t\t\taria-label=\"Ciudad Dar\u00edo, Matagalpa, Nicaragua\"\n\t\t\t><\/iframe>\n\t\t<\/div>\n\t\t\t\t\t\t<\/div>\n\t\t\t\t<\/div>\n\t\t\t\t<div class=\"elementor-element elementor-element-0331481 elementor-widget elementor-widget-video\" data-id=\"0331481\" data-element_type=\"widget\" data-e-type=\"widget\" data-settings=\"{&quot;youtube_url&quot;:&quot;https:\\\/\\\/www.youtube.com\\\/watch?v=tfTNmJTBPA0&amp;t=1372s&quot;,&quot;autoplay&quot;:&quot;yes&quot;,&quot;play_on_mobile&quot;:&quot;yes&quot;,&quot;video_type&quot;:&quot;youtube&quot;,&quot;controls&quot;:&quot;yes&quot;}\" data-widget_type=\"video.default\">\n\t\t\t\t<div class=\"elementor-widget-container\">\n\t\t\t\t\t\t\t<div class=\"elementor-wrapper elementor-open-inline\">\n\t\t\t<div class=\"elementor-video\"><\/div>\t\t<\/div>\n\t\t\t\t\t\t<\/div>\n\t\t\t\t<\/div>\n\t\t\t\t\t<\/div>\n\t\t<\/div>\n\t\t\t\t\t<\/div>\n\t\t<\/section>\n\t\t\t\t<section class=\"elementor-section elementor-top-section elementor-element elementor-element-dc15fad elementor-section-boxed elementor-section-height-default elementor-section-height-default\" data-id=\"dc15fad\" data-element_type=\"section\" data-e-type=\"section\">\n\t\t\t\t\t\t<div class=\"elementor-container elementor-column-gap-default\">\n\t\t\t\t\t<div class=\"elementor-column elementor-col-100 elementor-top-column elementor-element elementor-element-3651776\" data-id=\"3651776\" data-element_type=\"column\" data-e-type=\"column\">\n\t\t\t<div class=\"elementor-widget-wrap\">\n\t\t\t\t\t\t\t<\/div>\n\t\t<\/div>\n\t\t\t\t\t<\/div>\n\t\t<\/section>\n\t\t\t\t<\/div>\n\t\t","protected":false},"excerpt":{"rendered":"<p>21 de Agosto 2023 | Belkys Urrutia Metapa, cuna del poeta ni\u00f1o Hombre de varias patrias fue Rub\u00e9n pero una su cuna, sencilla, humilde; en Metapa hoy Ciudad Dar\u00edo naci\u00f3 el genio. Atento a cada l\u00ednea, deja volar tu imaginaci\u00f3n porque vamos a escudri\u00f1ar el origen del hombre cosmopolita y pr\u00edncipe de las letras castellanas, [&hellip;]<\/p>\n","protected":false},"author":1,"featured_media":774,"comment_status":"open","ping_status":"open","sticky":false,"template":"","format":"standard","meta":{"site-sidebar-layout":"no-sidebar","site-content-layout":"","ast-site-content-layout":"normal-width-container","site-content-style":"default","site-sidebar-style":"default","ast-global-header-display":"","ast-banner-title-visibility":"","ast-main-header-display":"","ast-hfb-above-header-display":"","ast-hfb-below-header-display":"","ast-hfb-mobile-header-display":"","site-post-title":"","ast-breadcrumbs-content":"","ast-featured-img":"disabled","footer-sml-layout":"","theme-transparent-header-meta":"","adv-header-id-meta":"","stick-header-meta":"","header-above-stick-meta":"","header-main-stick-meta":"","header-below-stick-meta":"","astra-migrate-meta-layouts":"set","ast-page-background-enabled":"default","ast-page-background-meta":{"desktop":{"background-color":"","background-image":"","background-repeat":"repeat","background-position":"center center","background-size":"auto","background-attachment":"scroll","background-type":"","background-media":"","overlay-type":"","overlay-color":"","overlay-opacity":"","overlay-gradient":""},"tablet":{"background-color":"","background-image":"","background-repeat":"repeat","background-position":"center center","background-size":"auto","background-attachment":"scroll","background-type":"","background-media":"","overlay-type":"","overlay-color":"","overlay-opacity":"","overlay-gradient":""},"mobile":{"background-color":"","background-image":"","background-repeat":"repeat","background-position":"center center","background-size":"auto","background-attachment":"scroll","background-type":"","background-media":"","overlay-type":"","overlay-color":"","overlay-opacity":"","overlay-gradient":""}},"ast-content-background-meta":{"desktop":{"background-color":"var(--ast-global-color-5)","background-image":"","background-repeat":"repeat","background-position":"center center","background-size":"auto","background-attachment":"scroll","background-type":"","background-media":"","overlay-type":"","overlay-color":"","overlay-opacity":"","overlay-gradient":""},"tablet":{"background-color":"var(--ast-global-color-5)","background-image":"","background-repeat":"repeat","background-position":"center center","background-size":"auto","background-attachment":"scroll","background-type":"","background-media":"","overlay-type":"","overlay-color":"","overlay-opacity":"","overlay-gradient":""},"mobile":{"background-color":"var(--ast-global-color-5)","background-image":"","background-repeat":"repeat","background-position":"center center","background-size":"auto","background-attachment":"scroll","background-type":"","background-media":"","overlay-type":"","overlay-color":"","overlay-opacity":"","overlay-gradient":""}},"two_page_speed":[],"footnotes":""},"categories":[20],"tags":[12,13,8,14,18,17,16,10,11,9],"class_list":["post-757","post","type-post","status-publish","format-standard","has-post-thumbnail","hentry","category-aventuras-en-nicaragua","tag-belleza-natural-de-nicaragua","tag-cerro-la-cruz","tag-ciudad-dario","tag-complejo-de-lagunas","tag-hornos-de-barro","tag-ladrillos-de-barro","tag-moyua","tag-padre-del-modernismo","tag-principe-de-las-letras-castellanasa","tag-ruben-dario"],"jetpack_featured_media_url":"https:\/\/viajaconbelkys.herradoramedia.com\/wp-content\/uploads\/2023\/08\/Ciudad-Dario-2.jpg","_links":{"self":[{"href":"https:\/\/viajaconbelkys.herradoramedia.com\/index.php?rest_route=\/wp\/v2\/posts\/757","targetHints":{"allow":["GET"]}}],"collection":[{"href":"https:\/\/viajaconbelkys.herradoramedia.com\/index.php?rest_route=\/wp\/v2\/posts"}],"about":[{"href":"https:\/\/viajaconbelkys.herradoramedia.com\/index.php?rest_route=\/wp\/v2\/types\/post"}],"author":[{"embeddable":true,"href":"https:\/\/viajaconbelkys.herradoramedia.com\/index.php?rest_route=\/wp\/v2\/users\/1"}],"replies":[{"embeddable":true,"href":"https:\/\/viajaconbelkys.herradoramedia.com\/index.php?rest_route=%2Fwp%2Fv2%2Fcomments&post=757"}],"version-history":[{"count":18,"href":"https:\/\/viajaconbelkys.herradoramedia.com\/index.php?rest_route=\/wp\/v2\/posts\/757\/revisions"}],"predecessor-version":[{"id":805,"href":"https:\/\/viajaconbelkys.herradoramedia.com\/index.php?rest_route=\/wp\/v2\/posts\/757\/revisions\/805"}],"wp:featuredmedia":[{"embeddable":true,"href":"https:\/\/viajaconbelkys.herradoramedia.com\/index.php?rest_route=\/wp\/v2\/media\/774"}],"wp:attachment":[{"href":"https:\/\/viajaconbelkys.herradoramedia.com\/index.php?rest_route=%2Fwp%2Fv2%2Fmedia&parent=757"}],"wp:term":[{"taxonomy":"category","embeddable":true,"href":"https:\/\/viajaconbelkys.herradoramedia.com\/index.php?rest_route=%2Fwp%2Fv2%2Fcategories&post=757"},{"taxonomy":"post_tag","embeddable":true,"href":"https:\/\/viajaconbelkys.herradoramedia.com\/index.php?rest_route=%2Fwp%2Fv2%2Ftags&post=757"}],"curies":[{"name":"wp","href":"https:\/\/api.w.org\/{rel}","templated":true}]}}